{"id":3855,"date":"2020-06-19T10:23:08","date_gmt":"2020-06-19T07:23:08","guid":{"rendered":"http:\/\/blog.gezgin.gov.tr\/?p=3855"},"modified":"2020-06-19T16:05:22","modified_gmt":"2020-06-19T13:05:22","slug":"rasatadana9-haziran-2020","status":"publish","type":"post","link":"https:\/\/blog.gezgin.gov.tr\/?p=3855","title":{"rendered":"RASAT<br>Adana<br>9 Haziran 2020"},"content":{"rendered":"<figure id=\"attachment_3857\" aria-describedby=\"caption-attachment-3857\" style=\"width: 700px\" class=\"wp-caption aligncenter\"><a href=\"http:\/\/blog.gezgin.gov.tr\/wp-content\/uploads\/2020\/06\/RST_Adana_20200609_k.jpg\" target=\"_blank\" rel=\"noopener\"><img loading=\"lazy\" decoding=\"async\" class=\"wp-image-3857\" src=\"http:\/\/blog.gezgin.gov.tr\/wp-content\/uploads\/2020\/06\/RST_Adana_20200609_k-906x1024.jpg\" alt=\"\" width=\"700\" height=\"791\" srcset=\"https:\/\/blog.gezgin.gov.tr\/wp-content\/uploads\/2020\/06\/RST_Adana_20200609_k-906x1024.jpg 906w, https:\/\/blog.gezgin.gov.tr\/wp-content\/uploads\/2020\/06\/RST_Adana_20200609_k-266x300.jpg 266w, https:\/\/blog.gezgin.gov.tr\/wp-content\/uploads\/2020\/06\/RST_Adana_20200609_k-768x868.jpg 768w, https:\/\/blog.gezgin.gov.tr\/wp-content\/uploads\/2020\/06\/RST_Adana_20200609_k-85x96.jpg 85w\" sizes=\"auto, (max-width: 700px) 100vw, 700px\" \/><\/a><figcaption id=\"caption-attachment-3857\" class=\"wp-caption-text\">Adana ve Seyhan Baraj\u0131; 9 Haziran 2020, RASAT uydu g\u00f6r\u00fcnt\u00fcs\u00fc<\/figcaption><\/figure>\n<figure id=\"attachment_3856\" aria-describedby=\"caption-attachment-3856\" style=\"width: 700px\" class=\"wp-caption aligncenter\"><a href=\"http:\/\/blog.gezgin.gov.tr\/wp-content\/uploads\/2020\/06\/RST_Adana_20200609_2k.jpg\" target=\"_blank\" rel=\"noopener\"><img loading=\"lazy\" decoding=\"async\" class=\"wp-image-3856\" src=\"http:\/\/blog.gezgin.gov.tr\/wp-content\/uploads\/2020\/06\/RST_Adana_20200609_2k-929x1024.jpg\" alt=\"\" width=\"700\" height=\"772\" srcset=\"https:\/\/blog.gezgin.gov.tr\/wp-content\/uploads\/2020\/06\/RST_Adana_20200609_2k-929x1024.jpg 929w, https:\/\/blog.gezgin.gov.tr\/wp-content\/uploads\/2020\/06\/RST_Adana_20200609_2k-272x300.jpg 272w, https:\/\/blog.gezgin.gov.tr\/wp-content\/uploads\/2020\/06\/RST_Adana_20200609_2k-768x847.jpg 768w, https:\/\/blog.gezgin.gov.tr\/wp-content\/uploads\/2020\/06\/RST_Adana_20200609_2k-87x96.jpg 87w, https:\/\/blog.gezgin.gov.tr\/wp-content\/uploads\/2020\/06\/RST_Adana_20200609_2k.jpg 1727w\" sizes=\"auto, (max-width: 700px) 100vw, 700px\" \/><\/a><figcaption id=\"caption-attachment-3856\" class=\"wp-caption-text\">Seyhan, 9 Haziran 2020, RASAT uydu g\u00f6r\u00fcnt\u00fcs\u00fc<\/figcaption><\/figure>\n<p><a href=\"http:\/\/blog.gezgin.gov.tr\/wp-content\/uploads\/2020\/06\/RST_Adana_20200609_seritk.jpg\" target=\"_blank\" rel=\"noopener\"><img loading=\"lazy\" decoding=\"async\" class=\"aligncenter wp-image-3858\" src=\"http:\/\/blog.gezgin.gov.tr\/wp-content\/uploads\/2020\/06\/RST_Adana_20200609_seritk-245x1024.jpg\" alt=\"\" width=\"150\" height=\"626\" srcset=\"https:\/\/blog.gezgin.gov.tr\/wp-content\/uploads\/2020\/06\/RST_Adana_20200609_seritk-245x1024.jpg 245w, https:\/\/blog.gezgin.gov.tr\/wp-content\/uploads\/2020\/06\/RST_Adana_20200609_seritk-72x300.jpg 72w, https:\/\/blog.gezgin.gov.tr\/wp-content\/uploads\/2020\/06\/RST_Adana_20200609_seritk-768x3204.jpg 768w, https:\/\/blog.gezgin.gov.tr\/wp-content\/uploads\/2020\/06\/RST_Adana_20200609_seritk-23x96.jpg 23w, https:\/\/blog.gezgin.gov.tr\/wp-content\/uploads\/2020\/06\/RST_Adana_20200609_seritk.jpg 1212w\" sizes=\"auto, (max-width: 150px) 100vw, 150px\" \/><\/a><\/p>\n","protected":false},"excerpt":{"rendered":"<p><\/p>","protected":false},"author":7,"featured_media":3857,"comment_status":"closed","ping_status":"open","sticky":false,"template":"","format":"standard","meta":{"footnotes":""},"categories":[1],"tags":[507,363,87,7,220,521,522,265,121,8,114],"class_list":["post-3855","post","type-post","status-publish","format-standard","has-post-thumbnail","hentry","category-genel","tag-507","tag-adana","tag-haziran","tag-rasat","tag-satellite-image","tag-seyhan","tag-seyhan-baraji","tag-sunglint","tag-tubitak-uzay","tag-turkiye","tag-uydu"],"jetpack_featured_media_url":"https:\/\/blog.gezgin.gov.tr\/wp-content\/uploads\/2020\/06\/RST_Adana_20200609_k.jpg","_links":{"self":[{"href":"https:\/\/blog.gezgin.gov.tr\/index.php?rest_route=\/wp\/v2\/posts\/3855","targetHints":{"allow":["GET"]}}],"collection":[{"href":"https:\/\/blog.gezgin.gov.tr\/index.php?rest_route=\/wp\/v2\/posts"}],"about":[{"href":"https:\/\/blog.gezgin.gov.tr\/index.php?rest_route=\/wp\/v2\/types\/post"}],"author":[{"embeddable":true,"href":"https:\/\/blog.gezgin.gov.tr\/index.php?rest_route=\/wp\/v2\/users\/7"}],"replies":[{"embeddable":true,"href":"https:\/\/blog.gezgin.gov.tr\/index.php?rest_route=%2Fwp%2Fv2%2Fcomments&post=3855"}],"version-history":[{"count":3,"href":"https:\/\/blog.gezgin.gov.tr\/index.php?rest_route=\/wp\/v2\/posts\/3855\/revisions"}],"predecessor-version":[{"id":3861,"href":"https:\/\/blog.gezgin.gov.tr\/index.php?rest_route=\/wp\/v2\/posts\/3855\/revisions\/3861"}],"wp:featuredmedia":[{"embeddable":true,"href":"https:\/\/blog.gezgin.gov.tr\/index.php?rest_route=\/wp\/v2\/media\/3857"}],"wp:attachment":[{"href":"https:\/\/blog.gezgin.gov.tr\/index.php?rest_route=%2Fwp%2Fv2%2Fmedia&parent=3855"}],"wp:term":[{"taxonomy":"category","embeddable":true,"href":"https:\/\/blog.gezgin.gov.tr\/index.php?rest_route=%2Fwp%2Fv2%2Fcategories&post=3855"},{"taxonomy":"post_tag","embeddable":true,"href":"https:\/\/blog.gezgin.gov.tr\/index.php?rest_route=%2Fwp%2Fv2%2Ftags&post=3855"}],"curies":[{"name":"wp","href":"https:\/\/api.w.org\/{rel}","templated":true}]}}