{"id":3573,"date":"2019-08-08T09:00:19","date_gmt":"2019-08-08T06:00:19","guid":{"rendered":"http:\/\/blog.gezgin.gov.tr\/?p=3573"},"modified":"2019-08-08T08:58:13","modified_gmt":"2019-08-08T05:58:13","slug":"rasatizmir-kus-cenneti5-agustos-2019","status":"publish","type":"post","link":"https:\/\/blog.gezgin.gov.tr\/?p=3573","title":{"rendered":"RASAT<br>\u0130zmir Ku\u015f Cenneti<br>5 A\u011fustos 2019"},"content":{"rendered":"<figure id=\"attachment_3575\" aria-describedby=\"caption-attachment-3575\" style=\"width: 700px\" class=\"wp-caption aligncenter\"><a href=\"http:\/\/blog.gezgin.gov.tr\/wp-content\/uploads\/2019\/08\/RST_Menemen_20190805_3k.jpg\" target=\"_blank\" rel=\"noopener\"><img loading=\"lazy\" decoding=\"async\" class=\"wp-image-3575\" src=\"http:\/\/blog.gezgin.gov.tr\/wp-content\/uploads\/2019\/08\/RST_Menemen_20190805_3k-1024x954.jpg\" alt=\"\" width=\"700\" height=\"652\" srcset=\"https:\/\/blog.gezgin.gov.tr\/wp-content\/uploads\/2019\/08\/RST_Menemen_20190805_3k-1024x954.jpg 1024w, https:\/\/blog.gezgin.gov.tr\/wp-content\/uploads\/2019\/08\/RST_Menemen_20190805_3k-300x279.jpg 300w, https:\/\/blog.gezgin.gov.tr\/wp-content\/uploads\/2019\/08\/RST_Menemen_20190805_3k-768x715.jpg 768w, https:\/\/blog.gezgin.gov.tr\/wp-content\/uploads\/2019\/08\/RST_Menemen_20190805_3k-103x96.jpg 103w\" sizes=\"auto, (max-width: 700px) 100vw, 700px\" \/><\/a><figcaption id=\"caption-attachment-3575\" class=\"wp-caption-text\">\u0130zmir Ku\u015f Cenneti, \u00c7i\u011fli; 5 A\u011fustos 2019, RASAT uydu g\u00f6r\u00fcnt\u00fcs\u00fc<\/figcaption><\/figure>\n<figure id=\"attachment_3574\" aria-describedby=\"caption-attachment-3574\" style=\"width: 700px\" class=\"wp-caption aligncenter\"><a href=\"http:\/\/blog.gezgin.gov.tr\/wp-content\/uploads\/2019\/08\/RST_Foca_20190805_2k.jpg\" target=\"_blank\" rel=\"noopener\"><img loading=\"lazy\" decoding=\"async\" class=\"wp-image-3574\" src=\"http:\/\/blog.gezgin.gov.tr\/wp-content\/uploads\/2019\/08\/RST_Foca_20190805_2k-1024x998.jpg\" alt=\"\" width=\"700\" height=\"682\" srcset=\"https:\/\/blog.gezgin.gov.tr\/wp-content\/uploads\/2019\/08\/RST_Foca_20190805_2k-1024x998.jpg 1024w, https:\/\/blog.gezgin.gov.tr\/wp-content\/uploads\/2019\/08\/RST_Foca_20190805_2k-300x292.jpg 300w, https:\/\/blog.gezgin.gov.tr\/wp-content\/uploads\/2019\/08\/RST_Foca_20190805_2k-768x748.jpg 768w, https:\/\/blog.gezgin.gov.tr\/wp-content\/uploads\/2019\/08\/RST_Foca_20190805_2k-99x96.jpg 99w\" sizes=\"auto, (max-width: 700px) 100vw, 700px\" \/><\/a><figcaption id=\"caption-attachment-3574\" class=\"wp-caption-text\">Fo\u00e7a, \u0130zmir; 5 A\u011fustos 2019, RASAT uydu g\u00f6r\u00fcnt\u00fcs\u00fc<\/figcaption><\/figure>\n<figure id=\"attachment_3576\" aria-describedby=\"caption-attachment-3576\" style=\"width: 700px\" class=\"wp-caption aligncenter\"><a href=\"http:\/\/blog.gezgin.gov.tr\/wp-content\/uploads\/2019\/08\/RST_Urla_20190805_2k.jpg\" target=\"_blank\" rel=\"noopener\"><img loading=\"lazy\" decoding=\"async\" class=\"wp-image-3576\" src=\"http:\/\/blog.gezgin.gov.tr\/wp-content\/uploads\/2019\/08\/RST_Urla_20190805_2k-969x1024.jpg\" alt=\"\" width=\"700\" height=\"740\" srcset=\"https:\/\/blog.gezgin.gov.tr\/wp-content\/uploads\/2019\/08\/RST_Urla_20190805_2k-969x1024.jpg 969w, https:\/\/blog.gezgin.gov.tr\/wp-content\/uploads\/2019\/08\/RST_Urla_20190805_2k-284x300.jpg 284w, https:\/\/blog.gezgin.gov.tr\/wp-content\/uploads\/2019\/08\/RST_Urla_20190805_2k-768x812.jpg 768w, https:\/\/blog.gezgin.gov.tr\/wp-content\/uploads\/2019\/08\/RST_Urla_20190805_2k-91x96.jpg 91w\" sizes=\"auto, (max-width: 700px) 100vw, 700px\" \/><\/a><figcaption id=\"caption-attachment-3576\" class=\"wp-caption-text\">Urla, \u0130zmir; 5 A\u011fustos 2019, RASAT uydu g\u00f6r\u00fcnt\u00fcs\u00fc<\/figcaption><\/figure>\n<p>&nbsp;<\/p>\n<p><a href=\"http:\/\/blog.gezgin.gov.tr\/wp-content\/uploads\/2019\/08\/RST_Izmir_20190805_k.jpg\" target=\"_blank\" rel=\"noopener\"><img loading=\"lazy\" decoding=\"async\" class=\"aligncenter wp-image-3580\" src=\"http:\/\/blog.gezgin.gov.tr\/wp-content\/uploads\/2019\/08\/RST_Izmir_20190805_k-169x1024.jpg\" alt=\"\" width=\"50\" height=\"303\" srcset=\"https:\/\/blog.gezgin.gov.tr\/wp-content\/uploads\/2019\/08\/RST_Izmir_20190805_k-169x1024.jpg 169w, https:\/\/blog.gezgin.gov.tr\/wp-content\/uploads\/2019\/08\/RST_Izmir_20190805_k-768x4659.jpg 768w, https:\/\/blog.gezgin.gov.tr\/wp-content\/uploads\/2019\/08\/RST_Izmir_20190805_k-16x96.jpg 16w, https:\/\/blog.gezgin.gov.tr\/wp-content\/uploads\/2019\/08\/RST_Izmir_20190805_k.jpg 1293w\" sizes=\"auto, (max-width: 50px) 100vw, 50px\" \/><\/a><\/p>\n<p><a href=\"http:\/\/blog.gezgin.gov.tr\/wp-content\/uploads\/2019\/08\/Izmir.jpg\" target=\"_blank\" rel=\"noopener\"><img loading=\"lazy\" decoding=\"async\" class=\"aligncenter wp-image-3581 size-medium\" src=\"http:\/\/blog.gezgin.gov.tr\/wp-content\/uploads\/2019\/08\/Izmir-300x235.jpg\" alt=\"\" width=\"300\" height=\"235\" srcset=\"https:\/\/blog.gezgin.gov.tr\/wp-content\/uploads\/2019\/08\/Izmir-300x235.jpg 300w, https:\/\/blog.gezgin.gov.tr\/wp-content\/uploads\/2019\/08\/Izmir-768x603.jpg 768w, https:\/\/blog.gezgin.gov.tr\/wp-content\/uploads\/2019\/08\/Izmir-1024x804.jpg 1024w, https:\/\/blog.gezgin.gov.tr\/wp-content\/uploads\/2019\/08\/Izmir-122x96.jpg 122w, https:\/\/blog.gezgin.gov.tr\/wp-content\/uploads\/2019\/08\/Izmir.jpg 1097w\" sizes=\"auto, (max-width: 300px) 100vw, 300px\" \/><\/a><\/p>\n","protected":false},"excerpt":{"rendered":"<p>&nbsp;<\/p>","protected":false},"author":7,"featured_media":3575,"comment_status":"closed","ping_status":"open","sticky":false,"template":"","format":"standard","meta":{"footnotes":""},"categories":[1],"tags":[365,459,86,461,457,463,458,460,7,220,121,229,8,462,114],"class_list":["post-3573","post","type-post","status-publish","format-standard","has-post-thumbnail","hentry","category-genel","tag-365","tag-cigli","tag-deniz","tag-foca","tag-izmir","tag-izmir-korfezi","tag-izmir-kus-cenneti","tag-menemen","tag-rasat","tag-satellite-image","tag-tubitak-uzay","tag-turkey","tag-turkiye","tag-urla","tag-uydu"],"jetpack_featured_media_url":"https:\/\/blog.gezgin.gov.tr\/wp-content\/uploads\/2019\/08\/RST_Menemen_20190805_3k.jpg","_links":{"self":[{"href":"https:\/\/blog.gezgin.gov.tr\/index.php?rest_route=\/wp\/v2\/posts\/3573","targetHints":{"allow":["GET"]}}],"collection":[{"href":"https:\/\/blog.gezgin.gov.tr\/index.php?rest_route=\/wp\/v2\/posts"}],"about":[{"href":"https:\/\/blog.gezgin.gov.tr\/index.php?rest_route=\/wp\/v2\/types\/post"}],"author":[{"embeddable":true,"href":"https:\/\/blog.gezgin.gov.tr\/index.php?rest_route=\/wp\/v2\/users\/7"}],"replies":[{"embeddable":true,"href":"https:\/\/blog.gezgin.gov.tr\/index.php?rest_route=%2Fwp%2Fv2%2Fcomments&post=3573"}],"version-history":[{"count":5,"href":"https:\/\/blog.gezgin.gov.tr\/index.php?rest_route=\/wp\/v2\/posts\/3573\/revisions"}],"predecessor-version":[{"id":3583,"href":"https:\/\/blog.gezgin.gov.tr\/index.php?rest_route=\/wp\/v2\/posts\/3573\/revisions\/3583"}],"wp:featuredmedia":[{"embeddable":true,"href":"https:\/\/blog.gezgin.gov.tr\/index.php?rest_route=\/wp\/v2\/media\/3575"}],"wp:attachment":[{"href":"https:\/\/blog.gezgin.gov.tr\/index.php?rest_route=%2Fwp%2Fv2%2Fmedia&parent=3573"}],"wp:term":[{"taxonomy":"category","embeddable":true,"href":"https:\/\/blog.gezgin.gov.tr\/index.php?rest_route=%2Fwp%2Fv2%2Fcategories&post=3573"},{"taxonomy":"post_tag","embeddable":true,"href":"https:\/\/blog.gezgin.gov.tr\/index.php?rest_route=%2Fwp%2Fv2%2Ftags&post=3573"}],"curies":[{"name":"wp","href":"https:\/\/api.w.org\/{rel}","templated":true}]}}