{"id":1791,"date":"2016-11-29T09:00:13","date_gmt":"2016-11-29T06:00:13","guid":{"rendered":"http:\/\/blog.gezgin.gov.tr\/?p=1791"},"modified":"2020-12-22T11:29:06","modified_gmt":"2020-12-22T08:29:06","slug":"gokturk2tarimsalizlame","status":"publish","type":"post","link":"https:\/\/blog.gezgin.gov.tr\/?p=1791","title":{"rendered":"Tar\u0131msal Alanlar\u0131n G\u00f6kt\u00fcrk-2 ile \u0130zlenmesi"},"content":{"rendered":"<p style=\"text-align: center;\">D\u00fcnya n\u00fcfusu h\u0131zla artmaktad\u0131r. Birle\u015fmi\u015f Milletler taraf\u0131ndan yap\u0131lan tahminlerde D\u00fcnya n\u00fcfusunun 2050 y\u0131l\u0131nda 9 milyar\u0131 ge\u00e7mesi beklenmektedir. T\u00fcrkiye n\u00fcfusu ise 95 milyonu ge\u00e7ecektir. Artan n\u00fcfus ile birlikte g\u0131da g\u00fcvenli\u011fi devletler i\u00e7in daha \u00f6nem kazanmaktad\u0131r.<\/p>\n<p style=\"text-align: center;\">Kritik \u00f6neme sahip Bu\u011fday, M\u0131s\u0131r, Pirin\u00e7 ve Soya \u00fcr\u00fcnlerinin sa\u011fl\u0131k durumlar\u0131 G20 \u00fclkeleri taraf\u0131ndan desteklenen GEOGLAM organizasyonu taraf\u0131ndan takip edilmektedir.<\/p>\n<p style=\"text-align: center;\">\u00dclkeler g\u0131da politikalar\u0131n\u0131 belirlemek i\u00e7in tar\u0131msal destekler verilememektedir. Bu desteklerin takip edilmesi i\u00e7in uydu g\u00f6r\u00fcnt\u00fcleri ile uzaktan alg\u0131lama alg\u0131lama y\u00f6ntemleri kullan\u0131labilmektedir.<\/p>\n<p style=\"text-align: center;\">Uzaktan alg\u0131lamada bitkileri tespit i\u00e7in en \u00e7ok kullan\u0131lan y\u00f6ntem Normalle\u015ftirilmi\u015f Bitki Fark \u0130ndeksi(NDVI)\u2019dir. Fotosentez yapan canl\u0131 bitkiler \u0131\u015f\u0131\u011f\u0131n k\u0131rm\u0131z\u0131 dalgaboyunu so\u011fururlar iken g\u00f6z\u00fcm\u00fcz\u00fcn g\u00f6remedi\u011fi yak\u0131n k\u0131z\u0131l\u00f6tesi \u0131\u015f\u0131\u011f\u0131n (Near Infrared, NIR) b\u00fcy\u00fck k\u0131sm\u0131n\u0131 yans\u0131tmaktad\u0131rlar. Bitkiler g\u00f6r\u00fcn\u00fcr bantta g\u00fcne\u015ften gelen ye\u015fil \u0131\u015f\u0131\u011f\u0131 di\u011fer renklere g\u00f6re daha \u00e7ok yans\u0131tt\u0131klar\u0131 i\u00e7in g\u00f6z\u00fcm\u00fcze ye\u015fil renk olarak g\u00f6r\u00fcn\u00fcrler. \u015eekil 1 ile g\u00f6sterildi\u011fi gibi sa\u011fl\u0131kl\u0131 bitkiler k\u0131z\u0131l\u00f6tesi bantta ise g\u00fcne\u015ften gelen \u0131\u015f\u0131\u011f\u0131n b\u00fcy\u00fck bir k\u0131sm\u0131n\u0131 geri yans\u0131t\u0131rlar.<\/p>\n<figure id=\"attachment_1792\" aria-describedby=\"caption-attachment-1792\" style=\"width: 800px\" class=\"wp-caption aligncenter\"><a href=\"http:\/\/blog.gezgin.gov.tr\/wp-content\/uploads\/2016\/11\/Sekil1.png\" rel=\"attachment wp-att-1792\"><img loading=\"lazy\" decoding=\"async\" class=\"wp-image-1792\" src=\"http:\/\/blog.gezgin.gov.tr\/wp-content\/uploads\/2016\/11\/Sekil1.png\" alt=\"Sekil1\" width=\"800\" height=\"526\" srcset=\"https:\/\/blog.gezgin.gov.tr\/wp-content\/uploads\/2016\/11\/Sekil1.png 1266w, https:\/\/blog.gezgin.gov.tr\/wp-content\/uploads\/2016\/11\/Sekil1-300x197.png 300w, https:\/\/blog.gezgin.gov.tr\/wp-content\/uploads\/2016\/11\/Sekil1-768x505.png 768w, https:\/\/blog.gezgin.gov.tr\/wp-content\/uploads\/2016\/11\/Sekil1-1024x673.png 1024w, https:\/\/blog.gezgin.gov.tr\/wp-content\/uploads\/2016\/11\/Sekil1-146x96.png 146w\" sizes=\"auto, (max-width: 800px) 100vw, 800px\" \/><\/a><figcaption id=\"caption-attachment-1792\" class=\"wp-caption-text\">\u015eekil 1 Sa\u011fl\u0131kl\u0131 bitkinin farkl\u0131 dalgaboylar\u0131ndaki yans\u0131ma de\u011ferleri<\/figcaption><\/figure>\n<p style=\"text-align: center;\">Uydu g\u00f6r\u00fcnt\u00fclerinden tar\u0131m ekili \u00fcr\u00fcnlerin yeti\u015ftirme takvimi kullan\u0131larak \u00fcr\u00fcn haritas\u0131 \u00e7\u0131karmak m\u00fcmk\u00fcnd\u00fcr.<\/p>\n<p style=\"text-align: center;\">\u00d6rne\u011fin Harran Ovas\u0131\u2019nda \u00e7o\u011funlukla bu\u011fday, m\u0131s\u0131r ve pamuk yeti\u015ftirilmektedir. Bu \u00fcr\u00fcnler s\u0131ras\u0131yla yakla\u015f\u0131k olarak %5, %15 ve %80 oran\u0131nda ekilmektedirler. M\u0131s\u0131r \u00e7o\u011funlukla bu\u011fday ekiminden sonra ikinci \u00fcr\u00fcn olarak yeti\u015ftirilmektedir.<\/p>\n<p style=\"text-align: center;\">Bu \u00fcr\u00fcnlerin temsili geli\u015fimleri a\u015fa\u011f\u0131da g\u00f6sterilmi\u015ftir:Bu\u011fday\u0131n geli\u015fimi k\u0131\u015f d\u00f6neminde ger\u00e7ekle\u015firken, bu\u011fday ekili alanlar\u0131n \u00e7o\u011funlu\u011fu ikinci \u00fcr\u00fcn olarak m\u0131s\u0131r ekmektedir. Pamuk ekimi ise nisan ay\u0131nda ger\u00e7ekle\u015fmek hazirandan itibaren uydu g\u00f6r\u00fcnt\u00fclerinden g\u00f6r\u00fclebilmektedir.<\/p>\n<figure id=\"attachment_1793\" aria-describedby=\"caption-attachment-1793\" style=\"width: 800px\" class=\"wp-caption aligncenter\"><a href=\"http:\/\/blog.gezgin.gov.tr\/wp-content\/uploads\/2016\/11\/Sekil2.png\" rel=\"attachment wp-att-1793\"><img loading=\"lazy\" decoding=\"async\" class=\"wp-image-1793\" src=\"http:\/\/blog.gezgin.gov.tr\/wp-content\/uploads\/2016\/11\/Sekil2.png\" alt=\"Sekil2\" width=\"800\" height=\"450\" srcset=\"https:\/\/blog.gezgin.gov.tr\/wp-content\/uploads\/2016\/11\/Sekil2.png 2607w, https:\/\/blog.gezgin.gov.tr\/wp-content\/uploads\/2016\/11\/Sekil2-300x169.png 300w, https:\/\/blog.gezgin.gov.tr\/wp-content\/uploads\/2016\/11\/Sekil2-768x432.png 768w, https:\/\/blog.gezgin.gov.tr\/wp-content\/uploads\/2016\/11\/Sekil2-1024x576.png 1024w, https:\/\/blog.gezgin.gov.tr\/wp-content\/uploads\/2016\/11\/Sekil2-171x96.png 171w\" sizes=\"auto, (max-width: 800px) 100vw, 800px\" \/><\/a><figcaption id=\"caption-attachment-1793\" class=\"wp-caption-text\">\u015eekil 2 Harran Ovas\u0131 bu\u011fday, m\u0131s\u0131r ve pamuk \u00fcr\u00fcnlerinin NDVI de\u011ferlerinin y\u0131l i\u00e7erisinde de\u011fi\u015fimi<\/figcaption><\/figure>\n<p>&nbsp;<\/p>\n<table style=\"height: 209px;\" width=\"912\">\n<tbody>\n<tr>\n<td style=\"text-align: center;\" width=\"680\">\u00dclkemizin ilk y\u00fcksek \u00e7\u00f6z\u00fcn\u00fcrl\u00fckl\u00fc yer g\u00f6zlem uydusu olan G\u00f6kt\u00fcrk-2 2,5 metre \u00e7\u00f6z\u00fcn\u00fcrl\u00fc\u011f\u00fc ve sahip oldu\u011fu k\u0131z\u0131l\u00f6tesi band\u0131 ile tar\u0131msal izleme amac\u0131 ile kullan\u0131labilmektedir. G\u00f6kt\u00fcrk-2 uydusu ile 2015 ve 2016 y\u0131llar\u0131nda Harran Ovas\u0131\u2019ndan uydu g\u00f6r\u00fcnt\u00fcleri \u00e7ekilmi\u015ftir.G\u00f6r\u00fcnt\u00fclenen alan mavi ile i\u015faretlenmi\u015ftir.<\/td>\n<td width=\"226\">\u00a0<a href=\"http:\/\/blog.gezgin.gov.tr\/wp-content\/uploads\/2016\/11\/Sekil3.png\" rel=\"attachment wp-att-1794\"><img loading=\"lazy\" decoding=\"async\" class=\"alignnone size-full wp-image-1794\" src=\"http:\/\/blog.gezgin.gov.tr\/wp-content\/uploads\/2016\/11\/Sekil3.png\" alt=\"Sekil3\" width=\"218\" height=\"200\" srcset=\"https:\/\/blog.gezgin.gov.tr\/wp-content\/uploads\/2016\/11\/Sekil3.png 218w, https:\/\/blog.gezgin.gov.tr\/wp-content\/uploads\/2016\/11\/Sekil3-105x96.png 105w\" sizes=\"auto, (max-width: 218px) 100vw, 218px\" \/><\/a><\/td>\n<\/tr>\n<tr>\n<td width=\"680\"><\/td>\n<td width=\"226\"><\/td>\n<\/tr>\n<\/tbody>\n<\/table>\n<figure id=\"attachment_1804\" aria-describedby=\"caption-attachment-1804\" style=\"width: 800px\" class=\"wp-caption aligncenter\"><a href=\"http:\/\/blog.gezgin.gov.tr\/wp-content\/uploads\/2016\/11\/Sekil10.jpg\" rel=\"attachment wp-att-1804\"><img loading=\"lazy\" decoding=\"async\" class=\"wp-image-1804\" src=\"http:\/\/blog.gezgin.gov.tr\/wp-content\/uploads\/2016\/11\/Sekil10.jpg\" alt=\"Sekil10\" width=\"800\" height=\"379\" srcset=\"https:\/\/blog.gezgin.gov.tr\/wp-content\/uploads\/2016\/11\/Sekil10.jpg 1510w, https:\/\/blog.gezgin.gov.tr\/wp-content\/uploads\/2016\/11\/Sekil10-300x142.jpg 300w, https:\/\/blog.gezgin.gov.tr\/wp-content\/uploads\/2016\/11\/Sekil10-768x364.jpg 768w, https:\/\/blog.gezgin.gov.tr\/wp-content\/uploads\/2016\/11\/Sekil10-1024x486.jpg 1024w, https:\/\/blog.gezgin.gov.tr\/wp-content\/uploads\/2016\/11\/Sekil10-202x96.jpg 202w\" sizes=\"auto, (max-width: 800px) 100vw, 800px\" \/><\/a><figcaption id=\"caption-attachment-1804\" class=\"wp-caption-text\">\u015eekil 3\u00a0G\u00f6kt\u00fcrk-2 temsili Harran Ovas\u0131 g\u00f6r\u00fcnt\u00fc \u00e7ekimi<\/figcaption><\/figure>\n<p style=\"text-align: center;\">2015 ve 2016 y\u0131lllar\u0131nda \u00e7ekilen G\u00f6kt\u00fcrk-2 g\u00f6r\u00fcnt\u00fclerinde farkl\u0131 \u00fcr\u00fcnlerin geli\u015fimi yak\u0131n k\u0131z\u0131l\u00f6tesi sahte renk g\u00f6sterimi ile izlenebilmektedir<\/p>\n<figure id=\"attachment_1795\" aria-describedby=\"caption-attachment-1795\" style=\"width: 800px\" class=\"wp-caption aligncenter\"><a href=\"http:\/\/blog.gezgin.gov.tr\/wp-content\/uploads\/2016\/11\/Sekil4.jpg\" rel=\"attachment wp-att-1795\"><img loading=\"lazy\" decoding=\"async\" class=\"wp-image-1795\" src=\"http:\/\/blog.gezgin.gov.tr\/wp-content\/uploads\/2016\/11\/Sekil4.jpg\" alt=\"Sekil4\" width=\"800\" height=\"780\" srcset=\"https:\/\/blog.gezgin.gov.tr\/wp-content\/uploads\/2016\/11\/Sekil4.jpg 2007w, https:\/\/blog.gezgin.gov.tr\/wp-content\/uploads\/2016\/11\/Sekil4-300x292.jpg 300w, https:\/\/blog.gezgin.gov.tr\/wp-content\/uploads\/2016\/11\/Sekil4-768x748.jpg 768w, https:\/\/blog.gezgin.gov.tr\/wp-content\/uploads\/2016\/11\/Sekil4-1024x998.jpg 1024w, https:\/\/blog.gezgin.gov.tr\/wp-content\/uploads\/2016\/11\/Sekil4-99x96.jpg 99w\" sizes=\"auto, (max-width: 800px) 100vw, 800px\" \/><\/a><figcaption id=\"caption-attachment-1795\" class=\"wp-caption-text\">\u015eekil 4\u00a02015 G\u00f6kt\u00fcrk-2 g\u00f6r\u00fcnt\u00fcleri ger\u00e7ek renk g\u00f6sterimi<\/figcaption><\/figure>\n<p>&nbsp;<\/p>\n<figure id=\"attachment_1796\" aria-describedby=\"caption-attachment-1796\" style=\"width: 800px\" class=\"wp-caption aligncenter\"><a href=\"http:\/\/blog.gezgin.gov.tr\/wp-content\/uploads\/2016\/11\/Sekil5.jpg\" rel=\"attachment wp-att-1796\"><img loading=\"lazy\" decoding=\"async\" class=\"wp-image-1796\" src=\"http:\/\/blog.gezgin.gov.tr\/wp-content\/uploads\/2016\/11\/Sekil5.jpg\" alt=\"Sekil5\" width=\"800\" height=\"774\" srcset=\"https:\/\/blog.gezgin.gov.tr\/wp-content\/uploads\/2016\/11\/Sekil5.jpg 2013w, https:\/\/blog.gezgin.gov.tr\/wp-content\/uploads\/2016\/11\/Sekil5-300x290.jpg 300w, https:\/\/blog.gezgin.gov.tr\/wp-content\/uploads\/2016\/11\/Sekil5-768x743.jpg 768w, https:\/\/blog.gezgin.gov.tr\/wp-content\/uploads\/2016\/11\/Sekil5-1024x991.jpg 1024w, https:\/\/blog.gezgin.gov.tr\/wp-content\/uploads\/2016\/11\/Sekil5-99x96.jpg 99w\" sizes=\"auto, (max-width: 800px) 100vw, 800px\" \/><\/a><figcaption id=\"caption-attachment-1796\" class=\"wp-caption-text\">\u015eekil 5\u00a02015 G\u00f6kt\u00fcrk-2 g\u00f6r\u00fcnt\u00fcleri yak\u0131n k\u0131z\u0131l\u00f6tesi sahte renk g\u00f6sterimi<\/figcaption><\/figure>\n<p>&nbsp;<\/p>\n<figure id=\"attachment_1797\" aria-describedby=\"caption-attachment-1797\" style=\"width: 800px\" class=\"wp-caption aligncenter\"><a href=\"http:\/\/blog.gezgin.gov.tr\/wp-content\/uploads\/2016\/11\/Sekil6.jpg\" rel=\"attachment wp-att-1797\"><img loading=\"lazy\" decoding=\"async\" class=\"wp-image-1797\" src=\"http:\/\/blog.gezgin.gov.tr\/wp-content\/uploads\/2016\/11\/Sekil6.jpg\" alt=\"Sekil6\" width=\"800\" height=\"779\" srcset=\"https:\/\/blog.gezgin.gov.tr\/wp-content\/uploads\/2016\/11\/Sekil6.jpg 2006w, https:\/\/blog.gezgin.gov.tr\/wp-content\/uploads\/2016\/11\/Sekil6-300x292.jpg 300w, https:\/\/blog.gezgin.gov.tr\/wp-content\/uploads\/2016\/11\/Sekil6-768x748.jpg 768w, https:\/\/blog.gezgin.gov.tr\/wp-content\/uploads\/2016\/11\/Sekil6-1024x997.jpg 1024w, https:\/\/blog.gezgin.gov.tr\/wp-content\/uploads\/2016\/11\/Sekil6-99x96.jpg 99w\" sizes=\"auto, (max-width: 800px) 100vw, 800px\" \/><\/a><figcaption id=\"caption-attachment-1797\" class=\"wp-caption-text\">\u015eekil 6\u00a02016 G\u00f6kt\u00fcrk-2 g\u00f6r\u00fcnt\u00fcleri ger\u00e7ek renk g\u00f6sterimi<\/figcaption><\/figure>\n<p>&nbsp;<\/p>\n<figure id=\"attachment_1798\" aria-describedby=\"caption-attachment-1798\" style=\"width: 800px\" class=\"wp-caption aligncenter\"><a href=\"http:\/\/blog.gezgin.gov.tr\/wp-content\/uploads\/2016\/11\/Sekil7.jpg\" rel=\"attachment wp-att-1798\"><img loading=\"lazy\" decoding=\"async\" class=\"wp-image-1798\" src=\"http:\/\/blog.gezgin.gov.tr\/wp-content\/uploads\/2016\/11\/Sekil7.jpg\" alt=\"Sekil7\" width=\"800\" height=\"778\" srcset=\"https:\/\/blog.gezgin.gov.tr\/wp-content\/uploads\/2016\/11\/Sekil7.jpg 2008w, https:\/\/blog.gezgin.gov.tr\/wp-content\/uploads\/2016\/11\/Sekil7-300x292.jpg 300w, https:\/\/blog.gezgin.gov.tr\/wp-content\/uploads\/2016\/11\/Sekil7-768x747.jpg 768w, https:\/\/blog.gezgin.gov.tr\/wp-content\/uploads\/2016\/11\/Sekil7-1024x995.jpg 1024w, https:\/\/blog.gezgin.gov.tr\/wp-content\/uploads\/2016\/11\/Sekil7-99x96.jpg 99w\" sizes=\"auto, (max-width: 800px) 100vw, 800px\" \/><\/a><figcaption id=\"caption-attachment-1798\" class=\"wp-caption-text\">\u015eekil 7\u00a02016 G\u00f6kt\u00fcrk-2 g\u00f6r\u00fcnt\u00fcleri yak\u0131n k\u0131z\u0131l\u00f6tesi sahte renk g\u00f6sterimi<\/figcaption><\/figure>\n<p style=\"text-align: center;\">\u00dcr\u00fcnlerin geli\u015fim bilgileri kullan\u0131larak haz\u0131rlanan birle\u015fke NDVI g\u00f6r\u00fcnt\u00fcleri \u00fcr\u00fcn haritas\u0131 olu\u015fturmada kullan\u0131labilir. \u00d6rne\u011fin Nisan, Haziran ve A\u011fustos aylar\u0131nda \u00e7ekilmi\u015f g\u00f6r\u00fcnt\u00fclerden olu\u015fturulan birle\u015ftirilmi\u015f g\u00f6r\u00fcnt\u00fc s\u0131ras\u0131ya k\u0131rm\u0131z\u0131, ye\u015fil ve mavi olarak renklendirildi\u011finde k\u0131rm\u0131z\u0131 renk ile g\u00f6sterilen alanlar bu\u011fday, mor renk bu\u011fday ve m\u0131s\u0131r ve mavi renk ile g\u00f6sterilen b\u00f6lgelerin ise pamuk \u00fcr\u00fcnlerini temsil etti\u011fi g\u00f6r\u00fclebilir. Ayr\u0131ca alanda yeti\u015ftirilen yonca a\u00e7\u0131k ye\u015fil ve sebzeler ise koyu k\u0131rm\u0131z\u0131 alanlar olarak g\u00f6r\u00fclebilmektedir.<\/p>\n<figure id=\"attachment_1799\" aria-describedby=\"caption-attachment-1799\" style=\"width: 878px\" class=\"wp-caption aligncenter\"><a href=\"http:\/\/blog.gezgin.gov.tr\/wp-content\/uploads\/2016\/11\/Sekil8.jpg\" rel=\"attachment wp-att-1799\"><img loading=\"lazy\" decoding=\"async\" class=\"wp-image-1799 size-full\" src=\"http:\/\/blog.gezgin.gov.tr\/wp-content\/uploads\/2016\/11\/Sekil8.jpg\" alt=\"Sekil8\" width=\"878\" height=\"833\" srcset=\"https:\/\/blog.gezgin.gov.tr\/wp-content\/uploads\/2016\/11\/Sekil8.jpg 878w, https:\/\/blog.gezgin.gov.tr\/wp-content\/uploads\/2016\/11\/Sekil8-300x285.jpg 300w, https:\/\/blog.gezgin.gov.tr\/wp-content\/uploads\/2016\/11\/Sekil8-768x729.jpg 768w, https:\/\/blog.gezgin.gov.tr\/wp-content\/uploads\/2016\/11\/Sekil8-101x96.jpg 101w\" sizes=\"auto, (max-width: 878px) 100vw, 878px\" \/><\/a><figcaption id=\"caption-attachment-1799\" class=\"wp-caption-text\">\u015eekil 8\u00a0May\u0131s-Haziran-A\u011fustos Bitki \u00d6rt\u00fcs\u00fc birle\u015fik g\u00f6r\u00fcnt\u00fcs\u00fc<\/figcaption><\/figure>\n<p style=\"text-align: center;\">\u00dcr\u00fcn geli\u015fimleri (fenoloji) kullan\u0131larak al\u0131nan uydu g\u00f6r\u00fcnt\u00fclerinden y\u00fcksek do\u011fruluklu \u00fcr\u00fcn haritas\u0131 \u00e7\u0131karmak m\u00fcmk\u00fcnd\u00fcr:<\/p>\n<figure id=\"attachment_1800\" aria-describedby=\"caption-attachment-1800\" style=\"width: 880px\" class=\"wp-caption aligncenter\"><a href=\"http:\/\/blog.gezgin.gov.tr\/wp-content\/uploads\/2016\/11\/Sekil9.jpg\" rel=\"attachment wp-att-1800\"><img loading=\"lazy\" decoding=\"async\" class=\"wp-image-1800 size-full\" src=\"http:\/\/blog.gezgin.gov.tr\/wp-content\/uploads\/2016\/11\/Sekil9.jpg\" alt=\"Sekil9\" width=\"880\" height=\"832\" srcset=\"https:\/\/blog.gezgin.gov.tr\/wp-content\/uploads\/2016\/11\/Sekil9.jpg 880w, https:\/\/blog.gezgin.gov.tr\/wp-content\/uploads\/2016\/11\/Sekil9-300x284.jpg 300w, https:\/\/blog.gezgin.gov.tr\/wp-content\/uploads\/2016\/11\/Sekil9-768x726.jpg 768w, https:\/\/blog.gezgin.gov.tr\/wp-content\/uploads\/2016\/11\/Sekil9-102x96.jpg 102w\" sizes=\"auto, (max-width: 880px) 100vw, 880px\" \/><\/a><figcaption id=\"caption-attachment-1800\" class=\"wp-caption-text\">\u015eekil 9\u00a0\u00c7al\u0131\u015fma sahas\u0131 2015 y\u0131l\u0131 \u00fcr\u00fcn desen haritas\u0131<\/figcaption><\/figure>\n<p style=\"text-align: center;\">\u00dcr\u00fcn desen haritalar\u0131 \u00e7ift\u00e7i desteklerinin takibi, istatiksel ama\u00e7larla, rekolte tahmini yapmak amac\u0131yla veya ak\u0131ll\u0131(hasssas) tar\u0131m uygulamalar\u0131nda kullan\u0131labilir. \u00dclkemiz taraf\u0131ndan gelecekte \u00fcretilecek uydular ile tar\u0131m alanlar\u0131n\u0131n izlenmesi i\u00e7in daha y\u00fcksek miktarda g\u00f6r\u00fcnt\u00fc sa\u011flanmas\u0131 m\u00fcmk\u00fcn olabilecektir.<\/p>\n<p style=\"text-align: center;\">G\u00f6kt\u00fcrk-2 g\u00f6r\u00fcnt\u00fcler kamu kurumlar\u0131 taraf\u0131ndan Hava Kuvvetleri Komutanl\u0131\u011f\u0131\u2019ndan <a href=\"http:\/\/www.hvkk.tsk.tr\/tr-tr\/Havac%C4%B1l%C4%B1k_K%C3%B6%C5%9Fesi\/%C3%96zel_Siteler\/Ke%C5%9Fif_Uydu_Komutanl%C4%B1%C4%9F%C4%B1\/G%C3%B6r%C3%BCnt%C3%BC_Talepleri\/G%C3%B6r%C3%BCnt%C3%BC_Talep_Usulleri\" target=\"_blank\" rel=\"nofollow noopener\">\u00fccretsiz olarak temin edilebilmektedir<\/a>. 2017 y\u0131l\u0131 i\u00e7erisinde G\u00f6kt\u00fcrk-2 g\u00f6r\u00fcnt\u00fclerinin GEZG\u0130N \u00fczerinden da\u011f\u0131t\u0131lmas\u0131 ile ilgili \u00e7al\u0131\u015fmalar devam etmektedir.<\/p>\n<p style=\"text-align: center;\">G. o. E. Observation, &#8220;GEOGLAM Crop Monitor,&#8221; [\u00c7evrimi\u00e7i] <a href=\"http:\/\/www.geoglam-crop-monitor.org\/\">http:\/\/www.geoglam-crop-monitor.org\/<\/a>.<\/p>\n<p>&nbsp;<\/p>\n<p>\u0130lgili \u00e7al\u0131\u015fmalar\u0131m\u0131z:<\/p>\n<ul>\n<li>Mustafa Teke, H. Seda Deveci, Feray \u00d6ztoprak, Mehmet Efendio\u011flu, Ramazan K\u00fcp\u00e7\u00fc, Can Demirkesen, F. Fehmi \u015eim\u015fek, Bilge Ba\u011fc\u0131, Erdem Uysal, Ufuk T\u00fcrker, Ersoy Y\u0131ld\u0131r\u0131m, \u0130lhami Bayramin, Kaan Kalkan, Caner Demirpolat, \u201c<u style=\"font-style: inherit; font-weight: inherit;\"><a style=\"font-style: inherit;\" href=\"http:\/\/www.researchgate.net\/publication\/308419229_AKILLI_TARIM_FIZIBILITE_PROJESI_HASSAS_TARIM_UYGULAMALARI_ICIN_HAVADAN_VE_YERDEN_VERI_TOPLANMASI_ISLENMESI_VE_ANALIZI\">Ak\u0131ll\u0131 Tar\u0131m Fizibilite Projesi: Hassas Tarim Uygulamalari \u0130\u00e7in Havadan ve Yerden Veri Toplanmasi, \u0130\u015flenmesi ve Analizi<\/a><\/u>\u201d, 6. Uzaktan Alg\u0131lama ve CBS Sempozyumu &#8211; UZAL-CBS 2016, Adana, Ekim 2016<\/li>\n<li style=\"font-style: inherit; font-weight: inherit;\">Mustafa Teke, Yasemin Yard\u0131mc\u0131, (2016),\u00a0\u00a0\u201c<u style=\"font-style: inherit; font-weight: inherit;\"><a style=\"font-style: inherit;\" href=\"http:\/\/www.researchgate.net\/publication\/303315048_Gokturk-2_Zaman_Serisi_Goruntuleri_ile_Urun_Siniflandirma_Crop_Classification_with_Gokturk-2_Time_Series_Imagery\">G\u00f6kt\u00fcrk-2 Zaman Serisi G\u00f6r\u00fcnt\u00fcleri ile \u00dcr\u00fcn S\u0131n\u0131fland\u0131rma<\/a><\/u>\u201d, 24. Sinyal \u0130\u015fleme ve \u0130leti\u015fim Uygulamalar\u0131 Kurultay\u0131 (S\u0130U2016), 1553-1556.<\/li>\n<li style=\"font-style: inherit; font-weight: inherit;\">Teke,M. \u00a0(2016) \u201c<u style=\"font-style: inherit; font-weight: inherit;\"><a style=\"font-style: inherit;\" href=\"http:\/\/www.researchgate.net\/publication\/292995383_Satellite_Image_Processing_Workflow_for_RASAT_and_Gokturk-2?ev=prf_pub\">Satellite Image Processing Workflow for RASAT and G\u00f6kt\u00fcrk-2<\/a><\/u>\u201d,\u00a0<em style=\"font-weight: inherit;\">Havac\u0131l\u0131k ve Uzay Teknolojileri Dergisi<\/em>, 9(1), pp. 1-13.<\/li>\n<li style=\"font-style: inherit; font-weight: inherit;\">Fatih Fehmi \u015eim\u015fek, Mustafa Teke, Cihan Altunta\u015f, \u201c<u style=\"font-style: inherit; font-weight: inherit;\"><a style=\"font-style: inherit;\" href=\"http:\/\/www.researchgate.net\/publication\/310831754_UZAKTAN_ALGILAMA_TEKNIGI_ILE_TARIM_ARAZILERINDE_CIFTCI_URUN_BEYANLARININ_KONTROLU_HARRAN_OVASI_ORNEGI_CONTROLLING_OF_PRODUCT_DECLARATIONS_OF_FARMERS_USING_REMOTE_SENSING_TECHNIQUES_THE_HARRAN_PLAIN_CA\">Uzaktan Algilama Tekni\u011fi \u0130le Tarim Arazilerinde \u00c7ift\u00e7i \u00dcr\u00fcn Beyanlarinin Kontrol\u00fc: Harran Ovasi \u00d6rne\u011fi<\/a><\/u>\u201d, 6. Uzaktan Alg\u0131lama ve CBS Sempozyumu &#8211; UZAL-CBS 2016, Adana, Ekim 2016<\/li>\n<li style=\"font-style: inherit; font-weight: inherit;\">Teke, M., Demirkesen, C., Halilo\u011flu, O., \u0130mre, E. (2016) \u201c<u style=\"font-style: inherit; font-weight: inherit;\"><a style=\"font-style: inherit;\" href=\"http:\/\/www.researchgate.net\/publication\/292995594_Gokturk-2_Uydusunun_Bagil_ve_Mutlak_Capraz_Radyometrik_Kalibrasyonu\">G\u00f6kt\u00fcrk-2 Uydusunun Ba\u011f\u0131l ve Mutlak \u00c7apraz Radyometrik Kalibrasyonu<\/a><\/u>\u201d,\u00a0<em style=\"font-weight: inherit;\">Harita Dergisi<\/em>, 155(1),pp. 32-52<\/li>\n<li style=\"font-style: inherit; font-weight: inherit;\">Mustafa Teke, Yasemin Yard\u0131mc\u0131(2015), \u201c<u style=\"font-style: inherit; font-weight: inherit;\"><a style=\"font-style: inherit;\" href=\"http:\/\/www.researchgate.net\/publication\/283720833_Classification_of_Crops_using_Multitemporal_Hyperion_Images\">Classification of crops using multitemporal hyperion images<\/a><\/u>\u201d, Agro-Geoinformatics (Agro-geoinformatics), 2015 Fourth International Conference on, pp. 282-287,<\/li>\n<li style=\"font-style: inherit; font-weight: inherit;\">Kaan Kalkan, Bayram Giray Filiz, Orhun \u00d6zer, Mustafa Teke (2015), \u201cVegetation discrimination analysis from G\u00f6kt\u00fcrk-2 imagery\u201d, Recent Advances in Space Technologies (RAST), 2015 7th International Conference on<\/li>\n<li style=\"font-style: inherit; font-weight: inherit;\">Teke, M., Deveci, H., Haliloglu, O., Gurbuz, S., &amp; Sakarya, U. (2013, June). &#8220;<a style=\"font-style: inherit;\" href=\"http:\/\/www.researchgate.net\/publication\/261242345_A_short_survey_of_hyperspectral_remote_sensing_applications_in_agriculture\">A short survey of hyperspectral remote sensing applications in agriculture<\/a>&#8220;.<em>\u00a0<\/em><em>Recent Advances in Space Technologies (RAST), 2013 6th International Conference on<\/em>, (p 171-176).<\/li>\n<\/ul>\n<p>Haz\u0131rlayan: Mustafa Teke<\/p>\n<p>&nbsp;<\/p>\n","protected":false},"excerpt":{"rendered":"<p><p>Tar\u0131msal alanlar\u0131n zaman serisi olarak izlenmesinde milli uydular\u0131m\u0131z\u0131n kullan\u0131m\u0131n\u0131n bir g\u00f6sterimi. <\/p>\n<\/p>","protected":false},"author":6,"featured_media":1806,"comment_status":"closed","ping_status":"open","sticky":false,"template":"","format":"standard","meta":{"footnotes":""},"categories":[1,191],"tags":[11,84,42,173,4,15,167,192,24,193,172,220,174,25,121,229,8,194],"class_list":["post-1791","post","type-post","status-publish","format-standard","has-post-thumbnail","hentry","category-genel","category-tarim","tag-11","tag-84","tag-analiz","tag-bugday","tag-degisim","tag-gokturk-2","tag-harran","tag-harran-ovasi","tag-misir","tag-ndvi","tag-pamuk","tag-satellite-image","tag-tarim","tag-tarla","tag-tubitak-uzay","tag-turkey","tag-turkiye","tag-urun-desen-haritasi"],"jetpack_featured_media_url":"https:\/\/blog.gezgin.gov.tr\/wp-content\/uploads\/2016\/11\/FalseRGB_122_193_241_iyi_3443_preview.jpg","_links":{"self":[{"href":"https:\/\/blog.gezgin.gov.tr\/index.php?rest_route=\/wp\/v2\/posts\/1791","targetHints":{"allow":["GET"]}}],"collection":[{"href":"https:\/\/blog.gezgin.gov.tr\/index.php?rest_route=\/wp\/v2\/posts"}],"about":[{"href":"https:\/\/blog.gezgin.gov.tr\/index.php?rest_route=\/wp\/v2\/types\/post"}],"author":[{"embeddable":true,"href":"https:\/\/blog.gezgin.gov.tr\/index.php?rest_route=\/wp\/v2\/users\/6"}],"replies":[{"embeddable":true,"href":"https:\/\/blog.gezgin.gov.tr\/index.php?rest_route=%2Fwp%2Fv2%2Fcomments&post=1791"}],"version-history":[{"count":7,"href":"https:\/\/blog.gezgin.gov.tr\/index.php?rest_route=\/wp\/v2\/posts\/1791\/revisions"}],"predecessor-version":[{"id":2818,"href":"https:\/\/blog.gezgin.gov.tr\/index.php?rest_route=\/wp\/v2\/posts\/1791\/revisions\/2818"}],"wp:featuredmedia":[{"embeddable":true,"href":"https:\/\/blog.gezgin.gov.tr\/index.php?rest_route=\/wp\/v2\/media\/1806"}],"wp:attachment":[{"href":"https:\/\/blog.gezgin.gov.tr\/index.php?rest_route=%2Fwp%2Fv2%2Fmedia&parent=1791"}],"wp:term":[{"taxonomy":"category","embeddable":true,"href":"https:\/\/blog.gezgin.gov.tr\/index.php?rest_route=%2Fwp%2Fv2%2Fcategories&post=1791"},{"taxonomy":"post_tag","embeddable":true,"href":"https:\/\/blog.gezgin.gov.tr\/index.php?rest_route=%2Fwp%2Fv2%2Ftags&post=1791"}],"curies":[{"name":"wp","href":"https:\/\/api.w.org\/{rel}","templated":true}]}}