{"id":1584,"date":"2016-06-22T15:40:07","date_gmt":"2016-06-22T12:40:07","guid":{"rendered":"http:\/\/blog.gezgin.gov.tr\/?p=1584"},"modified":"2018-06-11T09:17:31","modified_gmt":"2018-06-11T06:17:31","slug":"osman-gazi-koprusu-18-haziran-2016","status":"publish","type":"post","link":"https:\/\/blog.gezgin.gov.tr\/?p=1584","title":{"rendered":"Osman Gazi K\u00f6pr\u00fcs\u00fc <br>18 Haziran 2016"},"content":{"rendered":"<p style=\"text-align: center;\">Osman Gazi K\u00f6pr\u00fcs\u00fc&#8217;n\u00fcn Nisan ay\u0131nda \u00e7ekilmi\u015f\u00a0di\u011fer g\u00f6r\u00fcnt\u00fcleri:<\/p>\n<p style=\"text-align: center;\"><a href=\"http:\/\/blog.gezgin.gov.tr\/?p=1404\">13 Nisan 2016 tarihli RASAT uydu g\u00f6r\u00fcnt\u00fcs\u00fc<\/a><\/p>\n<p style=\"text-align: center;\"><a href=\"http:\/\/blog.gezgin.gov.tr\/?p=1387\">5 Nisan 2016 tarihli G\u00f6kt\u00fcrk2 uydu g\u00f6r\u00fcnt\u00fcs\u00fc<\/a><\/p>\n<p>&nbsp;<\/p>\n<figure id=\"attachment_1409\" aria-describedby=\"caption-attachment-1409\" style=\"width: 800px\" class=\"wp-caption aligncenter\"><a href=\"http:\/\/blog.gezgin.gov.tr\/wp-content\/uploads\/2016\/04\/GK2_RST_KorfezGecisKoprusu.jpg\" rel=\"attachment wp-att-1409\"><img loading=\"lazy\" decoding=\"async\" class=\"wp-image-1409\" src=\"http:\/\/blog.gezgin.gov.tr\/wp-content\/uploads\/2016\/04\/GK2_RST_KorfezGecisKoprusu.jpg\" alt=\"GK2_RST_KorfezGecisKoprusu\" width=\"800\" height=\"404\" srcset=\"https:\/\/blog.gezgin.gov.tr\/wp-content\/uploads\/2016\/04\/GK2_RST_KorfezGecisKoprusu.jpg 1552w, https:\/\/blog.gezgin.gov.tr\/wp-content\/uploads\/2016\/04\/GK2_RST_KorfezGecisKoprusu-300x152.jpg 300w, https:\/\/blog.gezgin.gov.tr\/wp-content\/uploads\/2016\/04\/GK2_RST_KorfezGecisKoprusu-768x388.jpg 768w, https:\/\/blog.gezgin.gov.tr\/wp-content\/uploads\/2016\/04\/GK2_RST_KorfezGecisKoprusu-1024x517.jpg 1024w, https:\/\/blog.gezgin.gov.tr\/wp-content\/uploads\/2016\/04\/GK2_RST_KorfezGecisKoprusu-190x96.jpg 190w\" sizes=\"auto, (max-width: 800px) 100vw, 800px\" \/><\/a><figcaption id=\"caption-attachment-1409\" class=\"wp-caption-text\">5 Nisan 2016 G\u00f6kt\u00fcrk-2 ve 13 Nisan 2016 RASAT uydu g\u00f6r\u00fcnt\u00fcleri<\/figcaption><\/figure>\n<p>&nbsp;<\/p>\n<figure id=\"attachment_1587\" aria-describedby=\"caption-attachment-1587\" style=\"width: 800px\" class=\"wp-caption aligncenter\"><a href=\"http:\/\/blog.gezgin.gov.tr\/wp-content\/uploads\/2016\/06\/RST_KorfezKoprusu_20160618_2.jpg\" rel=\"attachment wp-att-1587\"><img loading=\"lazy\" decoding=\"async\" class=\"wp-image-1587\" src=\"http:\/\/blog.gezgin.gov.tr\/wp-content\/uploads\/2016\/06\/RST_KorfezKoprusu_20160618_2.jpg\" alt=\"RST_KorfezKoprusu_20160618_2\" width=\"800\" height=\"1063\" srcset=\"https:\/\/blog.gezgin.gov.tr\/wp-content\/uploads\/2016\/06\/RST_KorfezKoprusu_20160618_2.jpg 1243w, https:\/\/blog.gezgin.gov.tr\/wp-content\/uploads\/2016\/06\/RST_KorfezKoprusu_20160618_2-226x300.jpg 226w, https:\/\/blog.gezgin.gov.tr\/wp-content\/uploads\/2016\/06\/RST_KorfezKoprusu_20160618_2-768x1020.jpg 768w, https:\/\/blog.gezgin.gov.tr\/wp-content\/uploads\/2016\/06\/RST_KorfezKoprusu_20160618_2-771x1024.jpg 771w, https:\/\/blog.gezgin.gov.tr\/wp-content\/uploads\/2016\/06\/RST_KorfezKoprusu_20160618_2-72x96.jpg 72w\" sizes=\"auto, (max-width: 800px) 100vw, 800px\" \/><\/a><figcaption id=\"caption-attachment-1587\" class=\"wp-caption-text\">Osman Gazi K\u00f6pr\u00fcs\u00fc, 18 Haziran 2016, RASAT uydu g\u00f6r\u00fcnt\u00fcs\u00fc<\/figcaption><\/figure>\n<p>&nbsp;<\/p>\n<figure id=\"attachment_1586\" aria-describedby=\"caption-attachment-1586\" style=\"width: 800px\" class=\"wp-caption aligncenter\"><a href=\"http:\/\/blog.gezgin.gov.tr\/uploads\/gezginblog\/OsmanGaziKoprusu\/RST_KorfezKoprusu_20160618.jpg\" rel=\"attachment wp-att-1586\"><img loading=\"lazy\" decoding=\"async\" class=\"wp-image-1586\" src=\"http:\/\/blog.gezgin.gov.tr\/wp-content\/uploads\/2016\/06\/RST_KorfezKoprusu_20160618k.jpg\" alt=\"RST_KorfezKoprusu_20160618k\" width=\"800\" height=\"999\" srcset=\"https:\/\/blog.gezgin.gov.tr\/wp-content\/uploads\/2016\/06\/RST_KorfezKoprusu_20160618k.jpg 1280w, https:\/\/blog.gezgin.gov.tr\/wp-content\/uploads\/2016\/06\/RST_KorfezKoprusu_20160618k-240x300.jpg 240w, https:\/\/blog.gezgin.gov.tr\/wp-content\/uploads\/2016\/06\/RST_KorfezKoprusu_20160618k-768x959.jpg 768w, https:\/\/blog.gezgin.gov.tr\/wp-content\/uploads\/2016\/06\/RST_KorfezKoprusu_20160618k-820x1024.jpg 820w, https:\/\/blog.gezgin.gov.tr\/wp-content\/uploads\/2016\/06\/RST_KorfezKoprusu_20160618k-77x96.jpg 77w\" sizes=\"auto, (max-width: 800px) 100vw, 800px\" \/><\/a><figcaption id=\"caption-attachment-1586\" class=\"wp-caption-text\">Osman Gazi K\u00f6pr\u00fcs\u00fc, 18 Haziran 2016, RASAT uydu g\u00f6r\u00fcnt\u00fcs\u00fc<\/figcaption><\/figure>\n","protected":false},"excerpt":{"rendered":"<p>Osman Gazi K\u00f6pr\u00fcs\u00fc'n\u00fcn Nisan ay\u0131nda \u00e7ekilmi\u015f\u00a0di\u011fer g\u00f6r\u00fcnt\u00fcleri: 13 Nisan 2016 tarihli RASAT uydu g\u00f6r\u00fcnt\u00fcs\u00fc 5 Nisan 2016 tarihli G\u00f6kt\u00fcrk2 uydu g\u00f6r\u00fcnt\u00fcs\u00fc &nbsp; &nbsp; &nbsp;<\/p>","protected":false},"author":7,"featured_media":1594,"comment_status":"open","ping_status":"open","sticky":false,"template":"","format":"standard","meta":{"footnotes":""},"categories":[196,1],"tags":[84,87,108,131,151,7,121,8,114],"class_list":["post-1584","post","type-post","status-publish","format-standard","has-post-thumbnail","hentry","category-degisim","category-genel","tag-84","tag-haziran","tag-kopru","tag-korfez-koprusu","tag-osman-gazi-koprusu","tag-rasat","tag-tubitak-uzay","tag-turkiye","tag-uydu"],"jetpack_featured_media_url":"https:\/\/blog.gezgin.gov.tr\/wp-content\/uploads\/2016\/06\/RST_KorfezKoprusu_20160618_previewk2.jpg","_links":{"self":[{"href":"https:\/\/blog.gezgin.gov.tr\/index.php?rest_route=\/wp\/v2\/posts\/1584","targetHints":{"allow":["GET"]}}],"collection":[{"href":"https:\/\/blog.gezgin.gov.tr\/index.php?rest_route=\/wp\/v2\/posts"}],"about":[{"href":"https:\/\/blog.gezgin.gov.tr\/index.php?rest_route=\/wp\/v2\/types\/post"}],"author":[{"embeddable":true,"href":"https:\/\/blog.gezgin.gov.tr\/index.php?rest_route=\/wp\/v2\/users\/7"}],"replies":[{"embeddable":true,"href":"https:\/\/blog.gezgin.gov.tr\/index.php?rest_route=%2Fwp%2Fv2%2Fcomments&post=1584"}],"version-history":[{"count":7,"href":"https:\/\/blog.gezgin.gov.tr\/index.php?rest_route=\/wp\/v2\/posts\/1584\/revisions"}],"predecessor-version":[{"id":2832,"href":"https:\/\/blog.gezgin.gov.tr\/index.php?rest_route=\/wp\/v2\/posts\/1584\/revisions\/2832"}],"wp:featuredmedia":[{"embeddable":true,"href":"https:\/\/blog.gezgin.gov.tr\/index.php?rest_route=\/wp\/v2\/media\/1594"}],"wp:attachment":[{"href":"https:\/\/blog.gezgin.gov.tr\/index.php?rest_route=%2Fwp%2Fv2%2Fmedia&parent=1584"}],"wp:term":[{"taxonomy":"category","embeddable":true,"href":"https:\/\/blog.gezgin.gov.tr\/index.php?rest_route=%2Fwp%2Fv2%2Fcategories&post=1584"},{"taxonomy":"post_tag","embeddable":true,"href":"https:\/\/blog.gezgin.gov.tr\/index.php?rest_route=%2Fwp%2Fv2%2Ftags&post=1584"}],"curies":[{"name":"wp","href":"https:\/\/api.w.org\/{rel}","templated":true}]}}